{"id":1022,"date":"2025-10-14T18:36:58","date_gmt":"2025-10-14T16:36:58","guid":{"rendered":"https:\/\/www.lespagnolpourtoi.ch\/?p=1022"},"modified":"2025-10-14T18:36:58","modified_gmt":"2025-10-14T16:36:58","slug":"100-adjetivos","status":"publish","type":"post","link":"https:\/\/www.lespagnolpourtoi.ch\/index.php\/2025\/10\/14\/100-adjetivos\/","title":{"rendered":"Los 100 adjetivos m\u00e1s usados en espa\u00f1ol."},"content":{"rendered":"\n<figure class=\"wp-block-image\"><a href=\"http:\/\/snip.ly\/9pT9#http:\/\/www.practicaespanol.com\/wp-content\/uploads\/Adjetivos-listado-PDF.pdf\" target=\"_blank\" rel=\"noopener noreferrer\"><img fetchpriority=\"high\" decoding=\"async\" width=\"1024\" height=\"522\" src=\"https:\/\/www.lespagnolpourtoi.ch\/wp-content\/uploads\/2019\/10\/los-100-adjetivo-m\u00e1s-usados-en-espa\u00f1ol-1024x522.jpg\" alt=\"\" class=\"wp-image-1023\" srcset=\"https:\/\/www.lespagnolpourtoi.ch\/wp-content\/uploads\/2019\/10\/los-100-adjetivo-m\u00e1s-usados-en-espa\u00f1ol-1024x522.jpg 1024w, https:\/\/www.lespagnolpourtoi.ch\/wp-content\/uploads\/2019\/10\/los-100-adjetivo-m\u00e1s-usados-en-espa\u00f1ol-300x153.jpg 300w, https:\/\/www.lespagnolpourtoi.ch\/wp-content\/uploads\/2019\/10\/los-100-adjetivo-m\u00e1s-usados-en-espa\u00f1ol-768x392.jpg 768w, https:\/\/www.lespagnolpourtoi.ch\/wp-content\/uploads\/2019\/10\/los-100-adjetivo-m\u00e1s-usados-en-espa\u00f1ol.jpg 1639w\" sizes=\"(max-width: 1024px) 100vw, 1024px\" \/><\/a><\/figure>\n\n\n\n<p>En este PDF encontrar\u00e1s los adjetivos m\u00e1s utilizados:  <strong><a href=\"http:\/\/snip.ly\/9pT9#http:\/\/www.practicaespanol.com\/wp-content\/uploads\/Adjetivos-listado-PDF.pdf\">DESCARGALO AQU\u00cd. <\/a><\/strong><\/p>\n","protected":false},"excerpt":{"rendered":"<p>En este PDF encontrar\u00e1s los adjetivos m\u00e1s utilizados: DESCARGALO AQU\u00cd.<\/p>\n","protected":false},"author":2,"featured_media":1023,"comment_status":"open","ping_status":"open","sticky":false,"template":"","format":"standard","meta":{"footnotes":""},"categories":[17,22],"tags":[],"class_list":["post-1022","post","type-post","status-publish","format-standard","has-post-thumbnail","hentry","category-a2","category-lexico"],"jetpack_featured_media_url":"https:\/\/www.lespagnolpourtoi.ch\/wp-content\/uploads\/2019\/10\/los-100-adjetivo-m\u00e1s-usados-en-espa\u00f1ol.jpg","_links":{"self":[{"href":"https:\/\/www.lespagnolpourtoi.ch\/index.php\/wp-json\/wp\/v2\/posts\/1022","targetHints":{"allow":["GET"]}}],"collection":[{"href":"https:\/\/www.lespagnolpourtoi.ch\/index.php\/wp-json\/wp\/v2\/posts"}],"about":[{"href":"https:\/\/www.lespagnolpourtoi.ch\/index.php\/wp-json\/wp\/v2\/types\/post"}],"author":[{"embeddable":true,"href":"https:\/\/www.lespagnolpourtoi.ch\/index.php\/wp-json\/wp\/v2\/users\/2"}],"replies":[{"embeddable":true,"href":"https:\/\/www.lespagnolpourtoi.ch\/index.php\/wp-json\/wp\/v2\/comments?post=1022"}],"version-history":[{"count":1,"href":"https:\/\/www.lespagnolpourtoi.ch\/index.php\/wp-json\/wp\/v2\/posts\/1022\/revisions"}],"predecessor-version":[{"id":10256,"href":"https:\/\/www.lespagnolpourtoi.ch\/index.php\/wp-json\/wp\/v2\/posts\/1022\/revisions\/10256"}],"wp:featuredmedia":[{"embeddable":true,"href":"https:\/\/www.lespagnolpourtoi.ch\/index.php\/wp-json\/wp\/v2\/media\/1023"}],"wp:attachment":[{"href":"https:\/\/www.lespagnolpourtoi.ch\/index.php\/wp-json\/wp\/v2\/media?parent=1022"}],"wp:term":[{"taxonomy":"category","embeddable":true,"href":"https:\/\/www.lespagnolpourtoi.ch\/index.php\/wp-json\/wp\/v2\/categories?post=1022"},{"taxonomy":"post_tag","embeddable":true,"href":"https:\/\/www.lespagnolpourtoi.ch\/index.php\/wp-json\/wp\/v2\/tags?post=1022"}],"curies":[{"name":"wp","href":"https:\/\/api.w.org\/{rel}","templated":true}]}}