{"id":873,"date":"2025-10-14T18:36:58","date_gmt":"2025-10-14T16:36:58","guid":{"rendered":"http:\/\/www.lespagnolpourtoi.ch\/?p=873"},"modified":"2025-10-14T18:36:58","modified_gmt":"2025-10-14T16:36:58","slug":"los-dedos-de-la-mano-2","status":"publish","type":"post","link":"https:\/\/www.lespagnolpourtoi.ch\/index.php\/2025\/10\/14\/los-dedos-de-la-mano-2\/","title":{"rendered":"Los dedos de la mano"},"content":{"rendered":"\n<figure class=\"wp-block-image\"><img fetchpriority=\"high\" decoding=\"async\" width=\"693\" height=\"956\" src=\"http:\/\/www.lespagnolpourtoi.ch\/wp-content\/uploads\/2019\/09\/Fotomano-2.jpg\" alt=\"\" class=\"wp-image-874\" srcset=\"https:\/\/www.lespagnolpourtoi.ch\/wp-content\/uploads\/2019\/09\/Fotomano-2.jpg 693w, https:\/\/www.lespagnolpourtoi.ch\/wp-content\/uploads\/2019\/09\/Fotomano-2-217x300.jpg 217w\" sizes=\"(max-width: 693px) 100vw, 693px\" \/><\/figure>\n\n\n\n<p style=\"text-align:left\">Los dedos de la mano:<br>&#8211; Pulgar<br>&#8211; \u00cdndice<br>&#8211; Coraz\u00f3n<br>&#8211; Anular<br>&#8211; Me\u00f1ique<\/p>\n\n\n\n<p style=\"text-align:left\">Tambi\u00e9n tenemos<br>&#8211; La palma de la mano.<br>&#8211; La mu\u00f1eca<\/p>\n\n\n\n<p style=\"text-align:left\">\u00bfSabias que, el dedo coraz\u00f3n se llama as\u00ed porque puedes sentir el latido de tu coraz\u00f3n en \u00e9l?.<\/p>\n","protected":false},"excerpt":{"rendered":"<p>Los dedos de la mano:&#8211; Pulgar&#8211; \u00cdndice&#8211; Coraz\u00f3n&#8211; Anular&#8211; Me\u00f1ique Tambi\u00e9n tenemos&#8211; La palma de la mano.&#8211; La mu\u00f1eca \u00bfSabias que, el dedo coraz\u00f3n se llama as\u00ed porque puedes sentir el latido de tu coraz\u00f3n en \u00e9l?.<\/p>\n","protected":false},"author":1,"featured_media":874,"comment_status":"open","ping_status":"open","sticky":false,"template":"","format":"standard","meta":{"footnotes":""},"categories":[16,22],"tags":[],"class_list":["post-873","post","type-post","status-publish","format-standard","has-post-thumbnail","hentry","category-a1","category-lexico"],"jetpack_featured_media_url":"https:\/\/www.lespagnolpourtoi.ch\/wp-content\/uploads\/2019\/09\/Fotomano-2.jpg","_links":{"self":[{"href":"https:\/\/www.lespagnolpourtoi.ch\/index.php\/wp-json\/wp\/v2\/posts\/873","targetHints":{"allow":["GET"]}}],"collection":[{"href":"https:\/\/www.lespagnolpourtoi.ch\/index.php\/wp-json\/wp\/v2\/posts"}],"about":[{"href":"https:\/\/www.lespagnolpourtoi.ch\/index.php\/wp-json\/wp\/v2\/types\/post"}],"author":[{"embeddable":true,"href":"https:\/\/www.lespagnolpourtoi.ch\/index.php\/wp-json\/wp\/v2\/users\/1"}],"replies":[{"embeddable":true,"href":"https:\/\/www.lespagnolpourtoi.ch\/index.php\/wp-json\/wp\/v2\/comments?post=873"}],"version-history":[{"count":1,"href":"https:\/\/www.lespagnolpourtoi.ch\/index.php\/wp-json\/wp\/v2\/posts\/873\/revisions"}],"predecessor-version":[{"id":10254,"href":"https:\/\/www.lespagnolpourtoi.ch\/index.php\/wp-json\/wp\/v2\/posts\/873\/revisions\/10254"}],"wp:featuredmedia":[{"embeddable":true,"href":"https:\/\/www.lespagnolpourtoi.ch\/index.php\/wp-json\/wp\/v2\/media\/874"}],"wp:attachment":[{"href":"https:\/\/www.lespagnolpourtoi.ch\/index.php\/wp-json\/wp\/v2\/media?parent=873"}],"wp:term":[{"taxonomy":"category","embeddable":true,"href":"https:\/\/www.lespagnolpourtoi.ch\/index.php\/wp-json\/wp\/v2\/categories?post=873"},{"taxonomy":"post_tag","embeddable":true,"href":"https:\/\/www.lespagnolpourtoi.ch\/index.php\/wp-json\/wp\/v2\/tags?post=873"}],"curies":[{"name":"wp","href":"https:\/\/api.w.org\/{rel}","templated":true}]}}